{"id":3124,"date":"2026-04-27T18:55:18","date_gmt":"2026-04-27T16:55:18","guid":{"rendered":"https:\/\/www.domaine-santeny.fr\/?p=3124"},"modified":"2026-04-27T18:56:37","modified_gmt":"2026-04-27T16:56:37","slug":"reouverture-de-la-piscine-du-domaine-vendredi-15-mai","status":"publish","type":"post","link":"https:\/\/www.domaine-santeny.fr\/index.php\/2026\/04\/27\/reouverture-de-la-piscine-du-domaine-vendredi-15-mai\/","title":{"rendered":"\ud83c\udfca R\u00e9ouverture de la piscine du Domaine \u2013 Vendredi 15 mai"},"content":{"rendered":"\n<p>Avec l\u2019arriv\u00e9e des beaux jours, le Domaine de Santeny s\u2019appr\u00eate \u00e0 retrouver l\u2019un de ses lieux de vie les plus appr\u00e9ci\u00e9s de la saison estivale.<\/p>\n\n\n\n<p>Nous avons le plaisir de vous informer que la <strong>piscine du Domaine ouvrira officiellement ses portes le vendredi 15 mai 2026<\/strong>.<\/p>\n\n\n\n<p>Apr\u00e8s plusieurs semaines de pr\u00e9paration, d\u2019entretien et de remise en service des installations, les r\u00e9sidents pourront \u00e0 nouveau profiter de cet espace de d\u00e9tente et de convivialit\u00e9 au c\u0153ur du Domaine.<\/p>\n\n\n\n<p>\u2600\ufe0f Que ce soit pour se rafra\u00eechir, se d\u00e9tendre en famille ou profiter des premiers beaux jours, nous esp\u00e9rons que cette nouvelle saison estivale sera plac\u00e9e sous le signe de la convivialit\u00e9 et du respect de ce cadre privil\u00e9gi\u00e9.<\/p>\n\n\n\n<p>Le Comit\u00e9 Syndical remercie l\u2019ensemble des \u00e9quipes et intervenants mobilis\u00e9s pour permettre cette r\u00e9ouverture dans les meilleures conditions.<\/p>\n\n\n\n<p>Nous vous souhaitons \u00e0 toutes et \u00e0 tous une excellente saison au Domaine.<\/p>\n","protected":false},"excerpt":{"rendered":"<p>Avec l\u2019arriv\u00e9e des beaux jours, le Domaine de Santeny s\u2019appr\u00eate \u00e0 retrouver l\u2019un de ses lieux de vie les plus appr\u00e9ci\u00e9s de la saison estivale. Nous avons le plaisir de vous informer que la piscine du Domaine ouvrira officiellement ses portes le vendredi 15 mai 2026. Apr\u00e8s plusieurs semaines de pr\u00e9paration, d\u2019entretien et de remise en service des installations, les r\u00e9sidents pourront \u00e0 nouveau profiter de cet espace de d\u00e9tente et de convivialit\u00e9 au c\u0153ur du Domaine. \u2600\ufe0f Que ce soit pour se rafra\u00eechir, se d\u00e9tendre en famille ou profiter des premiers beaux jours, nous esp\u00e9rons que cette nouvelle saison estivale sera plac\u00e9e sous le signe de la convivialit\u00e9 et du respect de ce cadre privil\u00e9gi\u00e9. Le Comit\u00e9 Syndical remercie l\u2019ensemble des \u00e9quipes et intervenants mobilis\u00e9s pour permettre cette r\u00e9ouverture dans les meilleures conditions. Nous vous souhaitons \u00e0 toutes et \u00e0 tous une excellente saison au Domaine.<\/p>\n","protected":false},"author":1,"featured_media":0,"comment_status":"closed","ping_status":"closed","sticky":false,"template":"","format":"standard","meta":{"footnotes":""},"categories":[1],"tags":[],"class_list":["post-3124","post","type-post","status-publish","format-standard","hentry","category-non-classe"],"_links":{"self":[{"href":"https:\/\/www.domaine-santeny.fr\/index.php\/wp-json\/wp\/v2\/posts\/3124"}],"collection":[{"href":"https:\/\/www.domaine-santeny.fr\/index.php\/wp-json\/wp\/v2\/posts"}],"about":[{"href":"https:\/\/www.domaine-santeny.fr\/index.php\/wp-json\/wp\/v2\/types\/post"}],"author":[{"embeddable":true,"href":"https:\/\/www.domaine-santeny.fr\/index.php\/wp-json\/wp\/v2\/users\/1"}],"replies":[{"embeddable":true,"href":"https:\/\/www.domaine-santeny.fr\/index.php\/wp-json\/wp\/v2\/comments?post=3124"}],"version-history":[{"count":1,"href":"https:\/\/www.domaine-santeny.fr\/index.php\/wp-json\/wp\/v2\/posts\/3124\/revisions"}],"predecessor-version":[{"id":3125,"href":"https:\/\/www.domaine-santeny.fr\/index.php\/wp-json\/wp\/v2\/posts\/3124\/revisions\/3125"}],"wp:attachment":[{"href":"https:\/\/www.domaine-santeny.fr\/index.php\/wp-json\/wp\/v2\/media?parent=3124"}],"wp:term":[{"taxonomy":"category","embeddable":true,"href":"https:\/\/www.domaine-santeny.fr\/index.php\/wp-json\/wp\/v2\/categories?post=3124"},{"taxonomy":"post_tag","embeddable":true,"href":"https:\/\/www.domaine-santeny.fr\/index.php\/wp-json\/wp\/v2\/tags?post=3124"}],"curies":[{"name":"wp","href":"https:\/\/api.w.org\/{rel}","templated":true}]}}