{"id":3314,"date":"2026-09-02T10:25:32","date_gmt":"2026-09-02T08:25:32","guid":{"rendered":"https:\/\/www.domaine-santeny.fr\/?p=3314"},"modified":"2026-09-02T10:25:50","modified_gmt":"2026-09-02T08:25:50","slug":"fete-de-la-piscine-rendez-vous-ce-dimanche-pour-cloturer-lete-ensemble","status":"publish","type":"post","link":"https:\/\/www.domaine-santeny.fr\/index.php\/2026\/09\/02\/fete-de-la-piscine-rendez-vous-ce-dimanche-pour-cloturer-lete-ensemble\/","title":{"rendered":"\u2600\ufe0f F\u00eate de la Piscine : rendez-vous ce dimanche pour cl\u00f4turer l\u2019\u00e9t\u00e9 ensemble !"},"content":{"rendered":"\n<p><strong>Chers R\u00e9sidents,<\/strong><\/p>\n\n\n\n<p>La fin de l\u2019\u00e9t\u00e9 approche\u2026 mais il reste encore un rendez-vous incontournable avant de refermer cette belle saison au Domaine !<\/p>\n\n\n\n<p>Nous vous attendons <strong>ce dimanche 6 septembre, de 14h \u00e0 18h<\/strong>, pour notre traditionnelle <strong>F\u00eate de la Piscine<\/strong>. \ud83c\udfca\u200d\u2642\ufe0f\u2600\ufe0f<\/p>\n\n\n\n<p>Un apr\u00e8s-midi plac\u00e9 sous le signe de la bonne humeur, du jeu et de la convivialit\u00e9, \u00e0 partager en famille, entre amis et entre voisins.<\/p>\n\n\n\n<h3 class=\"wp-block-heading\">\ud83c\udfc6 \u00c0 vos marques, pr\u00eats\u2026 amusez-vous !<\/h3>\n\n\n\n<p>Petits et grands pourront participer aux diff\u00e9rentes animations pr\u00e9vues tout au long de l\u2019apr\u00e8s-midi :<\/p>\n\n\n\n<ul class=\"wp-block-list\">\n<li>\ud83c\udfca <strong>courses aquatiques<\/strong> pour les plus sportifs ;<\/li>\n\n\n\n<li>\ud83e\udd86 <strong>p\u00eache aux canards<\/strong> pour les plus jeunes ;<\/li>\n\n\n\n<li>\ud83c\udfaf <strong>p\u00e9tanque<\/strong> pour les amateurs de pr\u00e9cision ;<\/li>\n\n\n\n<li>\ud83c\udf89 et d\u2019autres moments de jeu et de convivialit\u00e9 \u00e0 partager autour de la piscine.<\/li>\n<\/ul>\n\n\n\n<p>Et parce que tout effort m\u00e9rite r\u00e9compense, <strong>un pot sera offert \u00e0 nos valeureux concurrents\u2026 ainsi qu\u2019\u00e0 leurs fid\u00e8les supporters !<\/strong> \ud83e\udd42<\/p>\n\n\n\n<h3 class=\"wp-block-heading\">\u2600\ufe0f Une belle journ\u00e9e en perspective<\/h3>\n\n\n\n<p>La m\u00e9t\u00e9o s&#8217;annonce particuli\u00e8rement agr\u00e9able pour ce dimanche : toutes les conditions devraient donc \u00eatre r\u00e9unies pour profiter pleinement de ce dernier grand rendez-vous autour de la piscine.<\/p>\n\n\n\n<p>Au-del\u00e0 des \u00e9preuves et des animations, la <strong>F\u00eate de la Piscine est surtout l&#8217;un de ces moments qui rythment la vie du Domaine<\/strong>. Elle marque traditionnellement la fin de la saison estivale et constitue une belle occasion de nous retrouver une derni\u00e8re fois autour du bassin avant la rentr\u00e9e.<\/p>\n\n\n\n<p>Alors, que vous veniez <strong>participer, encourager les concurrents ou simplement profiter de l&#8217;ambiance<\/strong>, rendez-vous dimanche !<\/p>\n\n\n\n<p>\ud83d\udcc5 <strong>Dimanche 6 septembre<\/strong><br>\u23f0 <strong>De 14h \u00e0 18h<\/strong><br>\ud83d\udccd <strong>Piscine du Domaine<\/strong><\/p>\n\n\n\n<p><strong>Nous comptons sur vous pour cl\u00f4turer cette saison comme il se doit !<\/strong> \u2600\ufe0f\ud83c\udfca\u200d\u2640\ufe0f\ud83c\udf89<\/p>\n\n\n\n<p><strong>Le Comit\u00e9 Syndical<\/strong><\/p>\n","protected":false},"excerpt":{"rendered":"<p>Chers R\u00e9sidents, La fin de l\u2019\u00e9t\u00e9 approche\u2026 mais il reste encore un rendez-vous incontournable avant de refermer cette belle saison au Domaine ! Nous vous attendons ce dimanche 6 septembre, de 14h \u00e0 18h, pour notre traditionnelle F\u00eate de la Piscine. \ud83c\udfca\u200d\u2642\ufe0f\u2600\ufe0f Un apr\u00e8s-midi plac\u00e9 sous le signe de la bonne humeur, du jeu et de la convivialit\u00e9, \u00e0 partager en famille, entre amis et entre voisins. \ud83c\udfc6 \u00c0 vos marques, pr\u00eats\u2026 amusez-vous ! Petits et grands pourront participer aux diff\u00e9rentes animations pr\u00e9vues tout au long de l\u2019apr\u00e8s-midi : Et parce que tout effort m\u00e9rite r\u00e9compense, un pot sera offert \u00e0 nos valeureux concurrents\u2026 ainsi qu\u2019\u00e0 leurs fid\u00e8les supporters ! \ud83e\udd42 \u2600\ufe0f Une belle journ\u00e9e en perspective La m\u00e9t\u00e9o s&#8217;annonce particuli\u00e8rement agr\u00e9able pour ce dimanche : toutes les conditions devraient donc \u00eatre r\u00e9unies pour profiter pleinement de ce dernier grand rendez-vous autour de la piscine. Au-del\u00e0 des \u00e9preuves et des animations, la F\u00eate de la Piscine est surtout l&#8217;un de ces moments qui rythment la vie du Domaine. Elle marque traditionnellement la fin de la saison estivale et constitue une belle occasion de nous retrouver une derni\u00e8re fois autour du bassin avant la rentr\u00e9e. Alors, que vous veniez participer, encourager les concurrents ou simplement profiter de l&#8217;ambiance, rendez-vous dimanche ! \ud83d\udcc5 Dimanche 6 septembre\u23f0 De 14h \u00e0 18h\ud83d\udccd Piscine du Domaine Nous comptons sur vous pour cl\u00f4turer cette saison comme il se doit ! \u2600\ufe0f\ud83c\udfca\u200d\u2640\ufe0f\ud83c\udf89 Le Comit\u00e9 Syndical<\/p>\n","protected":false},"author":1,"featured_media":0,"comment_status":"closed","ping_status":"closed","sticky":false,"template":"","format":"standard","meta":{"footnotes":""},"categories":[1],"tags":[],"class_list":["post-3314","post","type-post","status-publish","format-standard","hentry","category-non-classe"],"_links":{"self":[{"href":"https:\/\/www.domaine-santeny.fr\/index.php\/wp-json\/wp\/v2\/posts\/3314"}],"collection":[{"href":"https:\/\/www.domaine-santeny.fr\/index.php\/wp-json\/wp\/v2\/posts"}],"about":[{"href":"https:\/\/www.domaine-santeny.fr\/index.php\/wp-json\/wp\/v2\/types\/post"}],"author":[{"embeddable":true,"href":"https:\/\/www.domaine-santeny.fr\/index.php\/wp-json\/wp\/v2\/users\/1"}],"replies":[{"embeddable":true,"href":"https:\/\/www.domaine-santeny.fr\/index.php\/wp-json\/wp\/v2\/comments?post=3314"}],"version-history":[{"count":2,"href":"https:\/\/www.domaine-santeny.fr\/index.php\/wp-json\/wp\/v2\/posts\/3314\/revisions"}],"predecessor-version":[{"id":3316,"href":"https:\/\/www.domaine-santeny.fr\/index.php\/wp-json\/wp\/v2\/posts\/3314\/revisions\/3316"}],"wp:attachment":[{"href":"https:\/\/www.domaine-santeny.fr\/index.php\/wp-json\/wp\/v2\/media?parent=3314"}],"wp:term":[{"taxonomy":"category","embeddable":true,"href":"https:\/\/www.domaine-santeny.fr\/index.php\/wp-json\/wp\/v2\/categories?post=3314"},{"taxonomy":"post_tag","embeddable":true,"href":"https:\/\/www.domaine-santeny.fr\/index.php\/wp-json\/wp\/v2\/tags?post=3314"}],"curies":[{"name":"wp","href":"https:\/\/api.w.org\/{rel}","templated":true}]}}